{"id":15269,"date":"2025-05-20T16:52:41","date_gmt":"2025-05-20T19:52:41","guid":{"rendered":"https:\/\/humboldt.com.br\/?p=15269"},"modified":"2025-05-20T16:52:41","modified_gmt":"2025-05-20T19:52:41","slug":"autoridade-diplomatica-alema-visita-o-humboldt","status":"publish","type":"post","link":"https:\/\/humboldt.com.br\/acontece\/autoridade-diplomatica-alema-visita-o-humboldt\/","title":{"rendered":"Autoridade diplom\u00e1tica alem\u00e3 visita o Humboldt"},"content":{"rendered":"\n<p>Nesta ter\u00e7a-feira, recebemos o senhor Ralf Beste, Diretor Geral de Cultura e Comunica\u00e7\u00e3o do Minist\u00e9rio de Rela\u00e7\u00f5es Exteriores da Alemanha (Ausw\u00e4rtiges Amt).<\/p>\n\n\n\n<p>A autoridade diplom\u00e1tica veio conhecer de perto a atua\u00e7\u00e3o pedag\u00f3gica e as instala\u00e7\u00f5es da nossa institui\u00e7\u00e3o, reconhecida como uma Escola Alem\u00e3 de Excel\u00eancia no Exterior &#8211; selo concedido pelo governo alem\u00e3o que comprova a elevada qualidade do nosso ensino e \u00e9 um pr\u00e9-requisito para que o Col\u00e9gio receba subs\u00eddio estatal da Alemanha e continue a oferecer diplomas alem\u00e3es (DSD e Abitur).<\/p>\n\n\n\n<p>Acompanhado por uma delega\u00e7\u00e3o com membros consulares alem\u00e3es, da Am\u00e9rica do Sul e da C\u00e2mara do Com\u00e9rcio Brasil-Alemanha (AHK), sr. Ralf Beste foi recebido por Gudrun Moosmann, Jan Detmering, Erik H\u00f6rner e Lars M\u00f6bus, respectivamente, diretora alem\u00e3 do Humboldt, diretor da Forma\u00e7\u00e3o Profissional Dual, diretor brasileiro do Col\u00e9gio e presidente da Sociedade Escolar.<\/p>\n\n\n\n<p>Al\u00e9m de conhecer nossa estrutura, o Diretor Geral de Cultura e Comunica\u00e7\u00e3o do Minist\u00e9rio de Rela\u00e7\u00f5es Exteriores da Alemanha se aprofundou na Forma\u00e7\u00e3o Profissional Dual.<\/p>\n\n\n\n<p>Alunos, alumni e CEOs de empresas parceiras do Col\u00e9gio apresentaram o curso que oferece forma\u00e7\u00e3o t\u00e9cnica em Administra\u00e7\u00e3o, Log\u00edstica ou Inform\u00e1tica e \u00e9 considerado um modelo estrat\u00e9gico para a Alemanha.<\/p>\n\n\n\n<p>O Dual foi citado na Masterplan &#8211; plano de diretrizes para o futuro das escolas alem\u00e3s no exterior &#8211; e, no Brasil, \u00e9 oferecido apenas pelo Col\u00e9gio Humboldt.<\/p>\n\n\n\n<figure class=\"wp-block-image size-full\"><img decoding=\"async\" src=\"https:\/\/humboldt.com.br\/wp-content\/uploads\/2025\/06\/Imagem-do-WhatsApp-de-2025-06-05-as-16.44.39_e6d0a82c.jpg\" alt=\"\" class=\"wp-image-15263\"\/><\/figure>\n\n\n\n<p>Os convidados ainda visitaram a Feira de Sustentabilidade organizada anualmente pelos alunos do Dual, em que s\u00e3o expostos servi\u00e7os e produtos sustent\u00e1veis desenvolvidos por eles. <\/p>\n\n\n\n<p>Por fim, nossos estudantes apresentaram o Memorial DenkMalNach. Constru\u00eddo por um coletivo de alunos, professores, curador e arquiteto, o monumento venceu o concurso Erinnern f\u00fcr die Gegenwart (Lembrar para o presente), do Minist\u00e9rio das Rela\u00e7\u00f5es Exteriores da Alemanha. <\/p>\n\n\n\n<figure class=\"wp-block-image size-full\"><img decoding=\"async\" src=\"https:\/\/humboldt.com.br\/wp-content\/uploads\/2025\/06\/Imagem-do-WhatsApp-de-2025-06-05-as-16.45.22_99918a4a.jpg\" alt=\"\" class=\"wp-image-15262\"\/><\/figure>\n\n\n\n<p>A obra representa a passagem de um per\u00edodo sombrio, tomado pelo totalitarismo, para um presente de liberdade e democracia. <\/p>\n\n\n\n<p>Esta visita marca a hist\u00f3ria do Col\u00e9gio Humboldt, valorizando ainda mais as rela\u00e7\u00f5es interculturais, educativas e interpessoais entre Brasil e Alemanha. <\/p>\n","protected":false},"excerpt":{"rendered":"<p>Nesta ter\u00e7a-feira, recebemos o senhor Ralf Beste, Diretor Geral de Cultura e Comunica\u00e7\u00e3o do Minist\u00e9rio de Rela\u00e7\u00f5es Exteriores da Alemanha (Ausw\u00e4rtiges Amt). A autoridade diplom\u00e1tica veio conhecer de perto a atua\u00e7\u00e3o pedag\u00f3gica e as instala\u00e7\u00f5es da nossa institui\u00e7\u00e3o, reconhecida como uma Escola Alem\u00e3 de Excel\u00eancia no Exterior &#8211; selo concedido pelo governo alem\u00e3o que comprova [&hellip;]<\/p>\n","protected":false},"author":1,"featured_media":15345,"comment_status":"closed","ping_status":"closed","sticky":false,"template":"","format":"standard","meta":{"_acf_changed":false,"footnotes":""},"categories":[102],"tags":[],"class_list":["post-15269","post","type-post","status-publish","format-standard","has-post-thumbnail","hentry","category-acontece"],"acf":[],"yoast_head":"<!-- This site is optimized with the Yoast SEO plugin v23.3 - https:\/\/yoast.com\/wordpress\/plugins\/seo\/ -->\n<title>Autoridade diplom\u00e1tica alem\u00e3 visita o Humboldt - Humboldt - Blog<\/title>\n<meta name=\"robots\" content=\"index, follow, max-snippet:-1, max-image-preview:large, max-video-preview:-1\" \/>\n<link rel=\"canonical\" href=\"https:\/\/humboldt.com.br\/acontece\/autoridade-diplomatica-alema-visita-o-humboldt\/\" \/>\n<meta property=\"og:locale\" content=\"pt_BR\" \/>\n<meta property=\"og:type\" content=\"article\" \/>\n<meta property=\"og:title\" content=\"Autoridade diplom\u00e1tica alem\u00e3 visita o Humboldt - Humboldt - Blog\" \/>\n<meta property=\"og:description\" content=\"Nesta ter\u00e7a-feira, recebemos o senhor Ralf Beste, Diretor Geral de Cultura e Comunica\u00e7\u00e3o do Minist\u00e9rio de Rela\u00e7\u00f5es Exteriores da Alemanha (Ausw\u00e4rtiges Amt). A autoridade diplom\u00e1tica veio conhecer de perto a atua\u00e7\u00e3o pedag\u00f3gica e as instala\u00e7\u00f5es da nossa institui\u00e7\u00e3o, reconhecida como uma Escola Alem\u00e3 de Excel\u00eancia no Exterior &#8211; selo concedido pelo governo alem\u00e3o que comprova [&hellip;]\" \/>\n<meta property=\"og:url\" content=\"https:\/\/humboldt.com.br\/acontece\/autoridade-diplomatica-alema-visita-o-humboldt\/\" \/>\n<meta property=\"og:site_name\" content=\"Humboldt - Blog\" \/>\n<meta property=\"article:published_time\" content=\"2025-05-20T19:52:41+00:00\" \/>\n<meta property=\"og:image\" content=\"https:\/\/humboldt.com.br\/acontece\/wp-content\/uploads\/2025\/05\/Imagem-do-WhatsApp-de-2025-06-05-as-16.44.17_af3e020a.jpg\" \/>\n\t<meta property=\"og:image:width\" content=\"785\" \/>\n\t<meta property=\"og:image:height\" content=\"437\" \/>\n\t<meta property=\"og:image:type\" content=\"image\/jpeg\" \/>\n<meta name=\"author\" content=\"webloper\" \/>\n<meta name=\"twitter:card\" content=\"summary_large_image\" \/>\n<meta name=\"twitter:label1\" content=\"Escrito por\" \/>\n\t<meta name=\"twitter:data1\" content=\"webloper\" \/>\n\t<meta name=\"twitter:label2\" content=\"Est. tempo de leitura\" \/>\n\t<meta name=\"twitter:data2\" content=\"3 minutos\" \/>\n<script type=\"application\/ld+json\" class=\"yoast-schema-graph\">{\"@context\":\"https:\/\/schema.org\",\"@graph\":[{\"@type\":\"Article\",\"@id\":\"https:\/\/humboldt.com.br\/acontece\/autoridade-diplomatica-alema-visita-o-humboldt\/#article\",\"isPartOf\":{\"@id\":\"https:\/\/humboldt.com.br\/acontece\/autoridade-diplomatica-alema-visita-o-humboldt\/\"},\"author\":{\"name\":\"webloper\",\"@id\":\"https:\/\/humboldt.com.br\/acontece\/#\/schema\/person\/c440fc4271b9f953ae48b0cc67fc80fb\"},\"headline\":\"Autoridade diplom\u00e1tica alem\u00e3 visita o Humboldt\",\"datePublished\":\"2025-05-20T19:52:41+00:00\",\"dateModified\":\"2025-05-20T19:52:41+00:00\",\"mainEntityOfPage\":{\"@id\":\"https:\/\/humboldt.com.br\/acontece\/autoridade-diplomatica-alema-visita-o-humboldt\/\"},\"wordCount\":376,\"publisher\":{\"@id\":\"https:\/\/humboldt.com.br\/acontece\/#organization\"},\"image\":{\"@id\":\"https:\/\/humboldt.com.br\/acontece\/autoridade-diplomatica-alema-visita-o-humboldt\/#primaryimage\"},\"thumbnailUrl\":\"https:\/\/humboldt.com.br\/acontece\/wp-content\/uploads\/2025\/05\/Imagem-do-WhatsApp-de-2025-06-05-as-16.44.17_af3e020a.jpg\",\"articleSection\":[\"Acontece\"],\"inLanguage\":\"pt-BR\"},{\"@type\":\"WebPage\",\"@id\":\"https:\/\/humboldt.com.br\/acontece\/autoridade-diplomatica-alema-visita-o-humboldt\/\",\"url\":\"https:\/\/humboldt.com.br\/acontece\/autoridade-diplomatica-alema-visita-o-humboldt\/\",\"name\":\"Autoridade diplom\u00e1tica alem\u00e3 visita o Humboldt - Humboldt - Blog\",\"isPartOf\":{\"@id\":\"https:\/\/humboldt.com.br\/acontece\/#website\"},\"primaryImageOfPage\":{\"@id\":\"https:\/\/humboldt.com.br\/acontece\/autoridade-diplomatica-alema-visita-o-humboldt\/#primaryimage\"},\"image\":{\"@id\":\"https:\/\/humboldt.com.br\/acontece\/autoridade-diplomatica-alema-visita-o-humboldt\/#primaryimage\"},\"thumbnailUrl\":\"https:\/\/humboldt.com.br\/acontece\/wp-content\/uploads\/2025\/05\/Imagem-do-WhatsApp-de-2025-06-05-as-16.44.17_af3e020a.jpg\",\"datePublished\":\"2025-05-20T19:52:41+00:00\",\"dateModified\":\"2025-05-20T19:52:41+00:00\",\"breadcrumb\":{\"@id\":\"https:\/\/humboldt.com.br\/acontece\/autoridade-diplomatica-alema-visita-o-humboldt\/#breadcrumb\"},\"inLanguage\":\"pt-BR\",\"potentialAction\":[{\"@type\":\"ReadAction\",\"target\":[\"https:\/\/humboldt.com.br\/acontece\/autoridade-diplomatica-alema-visita-o-humboldt\/\"]}]},{\"@type\":\"ImageObject\",\"inLanguage\":\"pt-BR\",\"@id\":\"https:\/\/humboldt.com.br\/acontece\/autoridade-diplomatica-alema-visita-o-humboldt\/#primaryimage\",\"url\":\"https:\/\/humboldt.com.br\/acontece\/wp-content\/uploads\/2025\/05\/Imagem-do-WhatsApp-de-2025-06-05-as-16.44.17_af3e020a.jpg\",\"contentUrl\":\"https:\/\/humboldt.com.br\/acontece\/wp-content\/uploads\/2025\/05\/Imagem-do-WhatsApp-de-2025-06-05-as-16.44.17_af3e020a.jpg\",\"width\":785,\"height\":437},{\"@type\":\"BreadcrumbList\",\"@id\":\"https:\/\/humboldt.com.br\/acontece\/autoridade-diplomatica-alema-visita-o-humboldt\/#breadcrumb\",\"itemListElement\":[{\"@type\":\"ListItem\",\"position\":1,\"name\":\"Blog\",\"item\":\"https:\/\/humboldt.com.br\/acontece\/\"},{\"@type\":\"ListItem\",\"position\":2,\"name\":\"Autoridade diplom\u00e1tica alem\u00e3 visita o Humboldt\"}]},{\"@type\":\"WebSite\",\"@id\":\"https:\/\/humboldt.com.br\/acontece\/#website\",\"url\":\"https:\/\/humboldt.com.br\/acontece\/\",\"name\":\"Humboldt - Blog\",\"description\":\"\",\"publisher\":{\"@id\":\"https:\/\/humboldt.com.br\/acontece\/#organization\"},\"potentialAction\":[{\"@type\":\"SearchAction\",\"target\":{\"@type\":\"EntryPoint\",\"urlTemplate\":\"https:\/\/humboldt.com.br\/acontece\/?s={search_term_string}\"},\"query-input\":\"required name=search_term_string\"}],\"inLanguage\":\"pt-BR\"},{\"@type\":\"Organization\",\"@id\":\"https:\/\/humboldt.com.br\/acontece\/#organization\",\"name\":\"Humboldt - Blog\",\"url\":\"https:\/\/humboldt.com.br\/acontece\/\",\"logo\":{\"@type\":\"ImageObject\",\"inLanguage\":\"pt-BR\",\"@id\":\"https:\/\/humboldt.com.br\/acontece\/#\/schema\/logo\/image\/\",\"url\":\"https:\/\/humboldt.com.br\/acontece\/wp-content\/uploads\/2026\/04\/loo-110-anos.png\",\"contentUrl\":\"https:\/\/humboldt.com.br\/acontece\/wp-content\/uploads\/2026\/04\/loo-110-anos.png\",\"width\":2038,\"height\":466,\"caption\":\"Humboldt - Blog\"},\"image\":{\"@id\":\"https:\/\/humboldt.com.br\/acontece\/#\/schema\/logo\/image\/\"}},{\"@type\":\"Person\",\"@id\":\"https:\/\/humboldt.com.br\/acontece\/#\/schema\/person\/c440fc4271b9f953ae48b0cc67fc80fb\",\"name\":\"webloper\",\"image\":{\"@type\":\"ImageObject\",\"inLanguage\":\"pt-BR\",\"@id\":\"https:\/\/humboldt.com.br\/acontece\/#\/schema\/person\/image\/\",\"url\":\"https:\/\/secure.gravatar.com\/avatar\/6c5bdad9354234c7feacdd2f24d69e10441e19093bae229591ce9ab4f3e31fff?s=96&d=mm&r=g\",\"contentUrl\":\"https:\/\/secure.gravatar.com\/avatar\/6c5bdad9354234c7feacdd2f24d69e10441e19093bae229591ce9ab4f3e31fff?s=96&d=mm&r=g\",\"caption\":\"webloper\"},\"sameAs\":[\"https:\/\/lp-humboldt.reacaoweb.com.br\/acontece\"]}]}<\/script>\n<!-- \/ Yoast SEO plugin. -->","yoast_head_json":{"title":"Autoridade diplom\u00e1tica alem\u00e3 visita o Humboldt - Humboldt - Blog","robots":{"index":"index","follow":"follow","max-snippet":"max-snippet:-1","max-image-preview":"max-image-preview:large","max-video-preview":"max-video-preview:-1"},"canonical":"https:\/\/humboldt.com.br\/acontece\/autoridade-diplomatica-alema-visita-o-humboldt\/","og_locale":"pt_BR","og_type":"article","og_title":"Autoridade diplom\u00e1tica alem\u00e3 visita o Humboldt - Humboldt - Blog","og_description":"Nesta ter\u00e7a-feira, recebemos o senhor Ralf Beste, Diretor Geral de Cultura e Comunica\u00e7\u00e3o do Minist\u00e9rio de Rela\u00e7\u00f5es Exteriores da Alemanha (Ausw\u00e4rtiges Amt). A autoridade diplom\u00e1tica veio conhecer de perto a atua\u00e7\u00e3o pedag\u00f3gica e as instala\u00e7\u00f5es da nossa institui\u00e7\u00e3o, reconhecida como uma Escola Alem\u00e3 de Excel\u00eancia no Exterior &#8211; selo concedido pelo governo alem\u00e3o que comprova [&hellip;]","og_url":"https:\/\/humboldt.com.br\/acontece\/autoridade-diplomatica-alema-visita-o-humboldt\/","og_site_name":"Humboldt - Blog","article_published_time":"2025-05-20T19:52:41+00:00","og_image":[{"width":785,"height":437,"url":"https:\/\/humboldt.com.br\/acontece\/wp-content\/uploads\/2025\/05\/Imagem-do-WhatsApp-de-2025-06-05-as-16.44.17_af3e020a.jpg","type":"image\/jpeg"}],"author":"webloper","twitter_card":"summary_large_image","twitter_misc":{"Escrito por":"webloper","Est. tempo de leitura":"3 minutos"},"schema":{"@context":"https:\/\/schema.org","@graph":[{"@type":"Article","@id":"https:\/\/humboldt.com.br\/acontece\/autoridade-diplomatica-alema-visita-o-humboldt\/#article","isPartOf":{"@id":"https:\/\/humboldt.com.br\/acontece\/autoridade-diplomatica-alema-visita-o-humboldt\/"},"author":{"name":"webloper","@id":"https:\/\/humboldt.com.br\/acontece\/#\/schema\/person\/c440fc4271b9f953ae48b0cc67fc80fb"},"headline":"Autoridade diplom\u00e1tica alem\u00e3 visita o Humboldt","datePublished":"2025-05-20T19:52:41+00:00","dateModified":"2025-05-20T19:52:41+00:00","mainEntityOfPage":{"@id":"https:\/\/humboldt.com.br\/acontece\/autoridade-diplomatica-alema-visita-o-humboldt\/"},"wordCount":376,"publisher":{"@id":"https:\/\/humboldt.com.br\/acontece\/#organization"},"image":{"@id":"https:\/\/humboldt.com.br\/acontece\/autoridade-diplomatica-alema-visita-o-humboldt\/#primaryimage"},"thumbnailUrl":"https:\/\/humboldt.com.br\/acontece\/wp-content\/uploads\/2025\/05\/Imagem-do-WhatsApp-de-2025-06-05-as-16.44.17_af3e020a.jpg","articleSection":["Acontece"],"inLanguage":"pt-BR"},{"@type":"WebPage","@id":"https:\/\/humboldt.com.br\/acontece\/autoridade-diplomatica-alema-visita-o-humboldt\/","url":"https:\/\/humboldt.com.br\/acontece\/autoridade-diplomatica-alema-visita-o-humboldt\/","name":"Autoridade diplom\u00e1tica alem\u00e3 visita o Humboldt - Humboldt - Blog","isPartOf":{"@id":"https:\/\/humboldt.com.br\/acontece\/#website"},"primaryImageOfPage":{"@id":"https:\/\/humboldt.com.br\/acontece\/autoridade-diplomatica-alema-visita-o-humboldt\/#primaryimage"},"image":{"@id":"https:\/\/humboldt.com.br\/acontece\/autoridade-diplomatica-alema-visita-o-humboldt\/#primaryimage"},"thumbnailUrl":"https:\/\/humboldt.com.br\/acontece\/wp-content\/uploads\/2025\/05\/Imagem-do-WhatsApp-de-2025-06-05-as-16.44.17_af3e020a.jpg","datePublished":"2025-05-20T19:52:41+00:00","dateModified":"2025-05-20T19:52:41+00:00","breadcrumb":{"@id":"https:\/\/humboldt.com.br\/acontece\/autoridade-diplomatica-alema-visita-o-humboldt\/#breadcrumb"},"inLanguage":"pt-BR","potentialAction":[{"@type":"ReadAction","target":["https:\/\/humboldt.com.br\/acontece\/autoridade-diplomatica-alema-visita-o-humboldt\/"]}]},{"@type":"ImageObject","inLanguage":"pt-BR","@id":"https:\/\/humboldt.com.br\/acontece\/autoridade-diplomatica-alema-visita-o-humboldt\/#primaryimage","url":"https:\/\/humboldt.com.br\/acontece\/wp-content\/uploads\/2025\/05\/Imagem-do-WhatsApp-de-2025-06-05-as-16.44.17_af3e020a.jpg","contentUrl":"https:\/\/humboldt.com.br\/acontece\/wp-content\/uploads\/2025\/05\/Imagem-do-WhatsApp-de-2025-06-05-as-16.44.17_af3e020a.jpg","width":785,"height":437},{"@type":"BreadcrumbList","@id":"https:\/\/humboldt.com.br\/acontece\/autoridade-diplomatica-alema-visita-o-humboldt\/#breadcrumb","itemListElement":[{"@type":"ListItem","position":1,"name":"Blog","item":"https:\/\/humboldt.com.br\/acontece\/"},{"@type":"ListItem","position":2,"name":"Autoridade diplom\u00e1tica alem\u00e3 visita o Humboldt"}]},{"@type":"WebSite","@id":"https:\/\/humboldt.com.br\/acontece\/#website","url":"https:\/\/humboldt.com.br\/acontece\/","name":"Humboldt - Blog","description":"","publisher":{"@id":"https:\/\/humboldt.com.br\/acontece\/#organization"},"potentialAction":[{"@type":"SearchAction","target":{"@type":"EntryPoint","urlTemplate":"https:\/\/humboldt.com.br\/acontece\/?s={search_term_string}"},"query-input":"required name=search_term_string"}],"inLanguage":"pt-BR"},{"@type":"Organization","@id":"https:\/\/humboldt.com.br\/acontece\/#organization","name":"Humboldt - Blog","url":"https:\/\/humboldt.com.br\/acontece\/","logo":{"@type":"ImageObject","inLanguage":"pt-BR","@id":"https:\/\/humboldt.com.br\/acontece\/#\/schema\/logo\/image\/","url":"https:\/\/humboldt.com.br\/acontece\/wp-content\/uploads\/2026\/04\/loo-110-anos.png","contentUrl":"https:\/\/humboldt.com.br\/acontece\/wp-content\/uploads\/2026\/04\/loo-110-anos.png","width":2038,"height":466,"caption":"Humboldt - Blog"},"image":{"@id":"https:\/\/humboldt.com.br\/acontece\/#\/schema\/logo\/image\/"}},{"@type":"Person","@id":"https:\/\/humboldt.com.br\/acontece\/#\/schema\/person\/c440fc4271b9f953ae48b0cc67fc80fb","name":"webloper","image":{"@type":"ImageObject","inLanguage":"pt-BR","@id":"https:\/\/humboldt.com.br\/acontece\/#\/schema\/person\/image\/","url":"https:\/\/secure.gravatar.com\/avatar\/6c5bdad9354234c7feacdd2f24d69e10441e19093bae229591ce9ab4f3e31fff?s=96&d=mm&r=g","contentUrl":"https:\/\/secure.gravatar.com\/avatar\/6c5bdad9354234c7feacdd2f24d69e10441e19093bae229591ce9ab4f3e31fff?s=96&d=mm&r=g","caption":"webloper"},"sameAs":["https:\/\/lp-humboldt.reacaoweb.com.br\/acontece"]}]}},"_links":{"self":[{"href":"https:\/\/humboldt.com.br\/acontece\/wp-json\/wp\/v2\/posts\/15269","targetHints":{"allow":["GET"]}}],"collection":[{"href":"https:\/\/humboldt.com.br\/acontece\/wp-json\/wp\/v2\/posts"}],"about":[{"href":"https:\/\/humboldt.com.br\/acontece\/wp-json\/wp\/v2\/types\/post"}],"author":[{"embeddable":true,"href":"https:\/\/humboldt.com.br\/acontece\/wp-json\/wp\/v2\/users\/1"}],"replies":[{"embeddable":true,"href":"https:\/\/humboldt.com.br\/acontece\/wp-json\/wp\/v2\/comments?post=15269"}],"version-history":[{"count":0,"href":"https:\/\/humboldt.com.br\/acontece\/wp-json\/wp\/v2\/posts\/15269\/revisions"}],"wp:featuredmedia":[{"embeddable":true,"href":"https:\/\/humboldt.com.br\/acontece\/wp-json\/wp\/v2\/media\/15345"}],"wp:attachment":[{"href":"https:\/\/humboldt.com.br\/acontece\/wp-json\/wp\/v2\/media?parent=15269"}],"wp:term":[{"taxonomy":"category","embeddable":true,"href":"https:\/\/humboldt.com.br\/acontece\/wp-json\/wp\/v2\/categories?post=15269"},{"taxonomy":"post_tag","embeddable":true,"href":"https:\/\/humboldt.com.br\/acontece\/wp-json\/wp\/v2\/tags?post=15269"}],"curies":[{"name":"wp","href":"https:\/\/api.w.org\/{rel}","templated":true}]}}