{"id":15567,"date":"2025-10-22T09:47:10","date_gmt":"2025-10-22T12:47:10","guid":{"rendered":"https:\/\/humboldt.com.br\/acontece\/?p=15567"},"modified":"2026-01-27T12:41:59","modified_gmt":"2026-01-27T15:41:59","slug":"da-sala-de-aula-para-o-mundo","status":"publish","type":"post","link":"https:\/\/humboldt.com.br\/acontece\/da-sala-de-aula-para-o-mundo\/","title":{"rendered":"Da sala de aula para o mundo"},"content":{"rendered":"<p>Um grupo de alunos do 8\u00ba ano trocou a sala de aula pelo mundo durante 15 dias.<\/p>\n<p>A turma viajou para a Alemanha, vivenciou a cultura in loco, aprendeu que o idioma ganha outro sentido quando \u00e9 vivido no dia a dia e voltou com momentos inesquec\u00edveis na bagagem.<\/p>\n<p>Em terras europeias, os estudantes participaram de um curso intensivo de alem\u00e3o, conheceram lugares hist\u00f3ricos, experimentaram novos sabores, fizeram amizades e se desafiaram a cada dia. \ud83c\udde9\ud83c\uddea<\/p>\n<p>Cada passeio, conversa, troca, imprevisto, tudo se transformou em oportunidade de crescimento.<\/p>\n<p>Foi uma viagem que uniu aprendizado, cultura e autoconfian\u00e7a \u2014 um passo importante na forma\u00e7\u00e3o de jovens aut\u00f4nomos, curiosos e abertos \u00e0s mudan\u00e7as e desafios do mundo.<\/p>\n<p>\u00c9 justamente vivendo experi\u00eancias como esta que o conhecimento deixa de ser apenas conte\u00fado e passa a ser transforma\u00e7\u00e3o: o objetivo maior da educa\u00e7\u00e3o e da forma\u00e7\u00e3o no Col\u00e9gio Humboldt.<\/p>\n","protected":false},"excerpt":{"rendered":"<p>Um grupo de alunos do 8\u00ba ano trocou a sala de aula pelo mundo durante 15 dias. A turma viajou para a Alemanha, vivenciou a cultura in loco, aprendeu que o idioma ganha outro sentido quando \u00e9 vivido no dia a dia e voltou com momentos inesquec\u00edveis na bagagem. Em terras europeias, os estudantes participaram [&hellip;]<\/p>\n","protected":false},"author":3,"featured_media":15573,"comment_status":"open","ping_status":"open","sticky":false,"template":"","format":"standard","meta":{"_acf_changed":false,"footnotes":""},"categories":[102],"tags":[],"class_list":["post-15567","post","type-post","status-publish","format-standard","has-post-thumbnail","hentry","category-acontece"],"acf":[],"yoast_head":"<!-- This site is optimized with the Yoast SEO plugin v23.3 - https:\/\/yoast.com\/wordpress\/plugins\/seo\/ -->\n<title>Da sala de aula para o mundo - Humboldt - Blog<\/title>\n<meta name=\"robots\" content=\"index, follow, max-snippet:-1, max-image-preview:large, max-video-preview:-1\" \/>\n<link rel=\"canonical\" href=\"https:\/\/humboldt.com.br\/acontece\/da-sala-de-aula-para-o-mundo\/\" \/>\n<meta property=\"og:locale\" content=\"pt_BR\" \/>\n<meta property=\"og:type\" content=\"article\" \/>\n<meta property=\"og:title\" content=\"Da sala de aula para o mundo - Humboldt - Blog\" \/>\n<meta property=\"og:description\" content=\"Um grupo de alunos do 8\u00ba ano trocou a sala de aula pelo mundo durante 15 dias. A turma viajou para a Alemanha, vivenciou a cultura in loco, aprendeu que o idioma ganha outro sentido quando \u00e9 vivido no dia a dia e voltou com momentos inesquec\u00edveis na bagagem. Em terras europeias, os estudantes participaram [&hellip;]\" \/>\n<meta property=\"og:url\" content=\"https:\/\/humboldt.com.br\/acontece\/da-sala-de-aula-para-o-mundo\/\" \/>\n<meta property=\"og:site_name\" content=\"Humboldt - Blog\" \/>\n<meta property=\"article:published_time\" content=\"2025-10-22T12:47:10+00:00\" \/>\n<meta property=\"article:modified_time\" content=\"2026-01-27T15:41:59+00:00\" \/>\n<meta property=\"og:image\" content=\"https:\/\/humboldt.com.br\/acontece\/wp-content\/uploads\/2026\/01\/Alemanha_8.jpg\" \/>\n\t<meta property=\"og:image:width\" content=\"800\" \/>\n\t<meta property=\"og:image:height\" content=\"600\" \/>\n\t<meta property=\"og:image:type\" content=\"image\/jpeg\" \/>\n<meta name=\"author\" content=\"Marketing Humboldt\" \/>\n<meta name=\"twitter:card\" content=\"summary_large_image\" \/>\n<meta name=\"twitter:label1\" content=\"Escrito por\" \/>\n\t<meta name=\"twitter:data1\" content=\"Marketing Humboldt\" \/>\n\t<meta name=\"twitter:label2\" content=\"Est. tempo de leitura\" \/>\n\t<meta name=\"twitter:data2\" content=\"1 minuto\" \/>\n<script type=\"application\/ld+json\" class=\"yoast-schema-graph\">{\"@context\":\"https:\/\/schema.org\",\"@graph\":[{\"@type\":\"Article\",\"@id\":\"https:\/\/humboldt.com.br\/acontece\/da-sala-de-aula-para-o-mundo\/#article\",\"isPartOf\":{\"@id\":\"https:\/\/humboldt.com.br\/acontece\/da-sala-de-aula-para-o-mundo\/\"},\"author\":{\"name\":\"Marketing Humboldt\",\"@id\":\"https:\/\/humboldt.com.br\/acontece\/#\/schema\/person\/7b4b17979514b1ac2d39f5a60216b72f\"},\"headline\":\"Da sala de aula para o mundo\",\"datePublished\":\"2025-10-22T12:47:10+00:00\",\"dateModified\":\"2026-01-27T15:41:59+00:00\",\"mainEntityOfPage\":{\"@id\":\"https:\/\/humboldt.com.br\/acontece\/da-sala-de-aula-para-o-mundo\/\"},\"wordCount\":159,\"commentCount\":5,\"publisher\":{\"@id\":\"https:\/\/humboldt.com.br\/acontece\/#organization\"},\"image\":{\"@id\":\"https:\/\/humboldt.com.br\/acontece\/da-sala-de-aula-para-o-mundo\/#primaryimage\"},\"thumbnailUrl\":\"https:\/\/humboldt.com.br\/acontece\/wp-content\/uploads\/2026\/01\/Alemanha_8.jpg\",\"articleSection\":[\"Acontece\"],\"inLanguage\":\"pt-BR\",\"potentialAction\":[{\"@type\":\"CommentAction\",\"name\":\"Comment\",\"target\":[\"https:\/\/humboldt.com.br\/acontece\/da-sala-de-aula-para-o-mundo\/#respond\"]}]},{\"@type\":\"WebPage\",\"@id\":\"https:\/\/humboldt.com.br\/acontece\/da-sala-de-aula-para-o-mundo\/\",\"url\":\"https:\/\/humboldt.com.br\/acontece\/da-sala-de-aula-para-o-mundo\/\",\"name\":\"Da sala de aula para o mundo - Humboldt - Blog\",\"isPartOf\":{\"@id\":\"https:\/\/humboldt.com.br\/acontece\/#website\"},\"primaryImageOfPage\":{\"@id\":\"https:\/\/humboldt.com.br\/acontece\/da-sala-de-aula-para-o-mundo\/#primaryimage\"},\"image\":{\"@id\":\"https:\/\/humboldt.com.br\/acontece\/da-sala-de-aula-para-o-mundo\/#primaryimage\"},\"thumbnailUrl\":\"https:\/\/humboldt.com.br\/acontece\/wp-content\/uploads\/2026\/01\/Alemanha_8.jpg\",\"datePublished\":\"2025-10-22T12:47:10+00:00\",\"dateModified\":\"2026-01-27T15:41:59+00:00\",\"breadcrumb\":{\"@id\":\"https:\/\/humboldt.com.br\/acontece\/da-sala-de-aula-para-o-mundo\/#breadcrumb\"},\"inLanguage\":\"pt-BR\",\"potentialAction\":[{\"@type\":\"ReadAction\",\"target\":[\"https:\/\/humboldt.com.br\/acontece\/da-sala-de-aula-para-o-mundo\/\"]}]},{\"@type\":\"ImageObject\",\"inLanguage\":\"pt-BR\",\"@id\":\"https:\/\/humboldt.com.br\/acontece\/da-sala-de-aula-para-o-mundo\/#primaryimage\",\"url\":\"https:\/\/humboldt.com.br\/acontece\/wp-content\/uploads\/2026\/01\/Alemanha_8.jpg\",\"contentUrl\":\"https:\/\/humboldt.com.br\/acontece\/wp-content\/uploads\/2026\/01\/Alemanha_8.jpg\",\"width\":800,\"height\":600},{\"@type\":\"BreadcrumbList\",\"@id\":\"https:\/\/humboldt.com.br\/acontece\/da-sala-de-aula-para-o-mundo\/#breadcrumb\",\"itemListElement\":[{\"@type\":\"ListItem\",\"position\":1,\"name\":\"Blog\",\"item\":\"https:\/\/humboldt.com.br\/acontece\/\"},{\"@type\":\"ListItem\",\"position\":2,\"name\":\"Acontece\",\"item\":\"https:\/\/humboldt.com.br\/acontece\/category\/acontece\/\"},{\"@type\":\"ListItem\",\"position\":3,\"name\":\"Da sala de aula para o mundo\"}]},{\"@type\":\"WebSite\",\"@id\":\"https:\/\/humboldt.com.br\/acontece\/#website\",\"url\":\"https:\/\/humboldt.com.br\/acontece\/\",\"name\":\"Humboldt - Blog\",\"description\":\"\",\"publisher\":{\"@id\":\"https:\/\/humboldt.com.br\/acontece\/#organization\"},\"potentialAction\":[{\"@type\":\"SearchAction\",\"target\":{\"@type\":\"EntryPoint\",\"urlTemplate\":\"https:\/\/humboldt.com.br\/acontece\/?s={search_term_string}\"},\"query-input\":\"required name=search_term_string\"}],\"inLanguage\":\"pt-BR\"},{\"@type\":\"Organization\",\"@id\":\"https:\/\/humboldt.com.br\/acontece\/#organization\",\"name\":\"Humboldt - Blog\",\"url\":\"https:\/\/humboldt.com.br\/acontece\/\",\"logo\":{\"@type\":\"ImageObject\",\"inLanguage\":\"pt-BR\",\"@id\":\"https:\/\/humboldt.com.br\/acontece\/#\/schema\/logo\/image\/\",\"url\":\"https:\/\/humboldt.com.br\/acontece\/wp-content\/uploads\/2026\/04\/loo-110-anos.png\",\"contentUrl\":\"https:\/\/humboldt.com.br\/acontece\/wp-content\/uploads\/2026\/04\/loo-110-anos.png\",\"width\":2038,\"height\":466,\"caption\":\"Humboldt - Blog\"},\"image\":{\"@id\":\"https:\/\/humboldt.com.br\/acontece\/#\/schema\/logo\/image\/\"}},{\"@type\":\"Person\",\"@id\":\"https:\/\/humboldt.com.br\/acontece\/#\/schema\/person\/7b4b17979514b1ac2d39f5a60216b72f\",\"name\":\"Marketing Humboldt\",\"image\":{\"@type\":\"ImageObject\",\"inLanguage\":\"pt-BR\",\"@id\":\"https:\/\/humboldt.com.br\/acontece\/#\/schema\/person\/image\/\",\"url\":\"https:\/\/secure.gravatar.com\/avatar\/01e975eb4b1615fc97a8be5961bd605331d435898f24f6955aae09a95aabd340?s=96&d=mm&r=g\",\"contentUrl\":\"https:\/\/secure.gravatar.com\/avatar\/01e975eb4b1615fc97a8be5961bd605331d435898f24f6955aae09a95aabd340?s=96&d=mm&r=g\",\"caption\":\"Marketing Humboldt\"},\"sameAs\":[\"https:\/\/humboldt.com.br\/\"]}]}<\/script>\n<!-- \/ Yoast SEO plugin. -->","yoast_head_json":{"title":"Da sala de aula para o mundo - Humboldt - Blog","robots":{"index":"index","follow":"follow","max-snippet":"max-snippet:-1","max-image-preview":"max-image-preview:large","max-video-preview":"max-video-preview:-1"},"canonical":"https:\/\/humboldt.com.br\/acontece\/da-sala-de-aula-para-o-mundo\/","og_locale":"pt_BR","og_type":"article","og_title":"Da sala de aula para o mundo - Humboldt - Blog","og_description":"Um grupo de alunos do 8\u00ba ano trocou a sala de aula pelo mundo durante 15 dias. A turma viajou para a Alemanha, vivenciou a cultura in loco, aprendeu que o idioma ganha outro sentido quando \u00e9 vivido no dia a dia e voltou com momentos inesquec\u00edveis na bagagem. Em terras europeias, os estudantes participaram [&hellip;]","og_url":"https:\/\/humboldt.com.br\/acontece\/da-sala-de-aula-para-o-mundo\/","og_site_name":"Humboldt - Blog","article_published_time":"2025-10-22T12:47:10+00:00","article_modified_time":"2026-01-27T15:41:59+00:00","og_image":[{"width":800,"height":600,"url":"https:\/\/humboldt.com.br\/acontece\/wp-content\/uploads\/2026\/01\/Alemanha_8.jpg","type":"image\/jpeg"}],"author":"Marketing Humboldt","twitter_card":"summary_large_image","twitter_misc":{"Escrito por":"Marketing Humboldt","Est. tempo de leitura":"1 minuto"},"schema":{"@context":"https:\/\/schema.org","@graph":[{"@type":"Article","@id":"https:\/\/humboldt.com.br\/acontece\/da-sala-de-aula-para-o-mundo\/#article","isPartOf":{"@id":"https:\/\/humboldt.com.br\/acontece\/da-sala-de-aula-para-o-mundo\/"},"author":{"name":"Marketing Humboldt","@id":"https:\/\/humboldt.com.br\/acontece\/#\/schema\/person\/7b4b17979514b1ac2d39f5a60216b72f"},"headline":"Da sala de aula para o mundo","datePublished":"2025-10-22T12:47:10+00:00","dateModified":"2026-01-27T15:41:59+00:00","mainEntityOfPage":{"@id":"https:\/\/humboldt.com.br\/acontece\/da-sala-de-aula-para-o-mundo\/"},"wordCount":159,"commentCount":5,"publisher":{"@id":"https:\/\/humboldt.com.br\/acontece\/#organization"},"image":{"@id":"https:\/\/humboldt.com.br\/acontece\/da-sala-de-aula-para-o-mundo\/#primaryimage"},"thumbnailUrl":"https:\/\/humboldt.com.br\/acontece\/wp-content\/uploads\/2026\/01\/Alemanha_8.jpg","articleSection":["Acontece"],"inLanguage":"pt-BR","potentialAction":[{"@type":"CommentAction","name":"Comment","target":["https:\/\/humboldt.com.br\/acontece\/da-sala-de-aula-para-o-mundo\/#respond"]}]},{"@type":"WebPage","@id":"https:\/\/humboldt.com.br\/acontece\/da-sala-de-aula-para-o-mundo\/","url":"https:\/\/humboldt.com.br\/acontece\/da-sala-de-aula-para-o-mundo\/","name":"Da sala de aula para o mundo - Humboldt - Blog","isPartOf":{"@id":"https:\/\/humboldt.com.br\/acontece\/#website"},"primaryImageOfPage":{"@id":"https:\/\/humboldt.com.br\/acontece\/da-sala-de-aula-para-o-mundo\/#primaryimage"},"image":{"@id":"https:\/\/humboldt.com.br\/acontece\/da-sala-de-aula-para-o-mundo\/#primaryimage"},"thumbnailUrl":"https:\/\/humboldt.com.br\/acontece\/wp-content\/uploads\/2026\/01\/Alemanha_8.jpg","datePublished":"2025-10-22T12:47:10+00:00","dateModified":"2026-01-27T15:41:59+00:00","breadcrumb":{"@id":"https:\/\/humboldt.com.br\/acontece\/da-sala-de-aula-para-o-mundo\/#breadcrumb"},"inLanguage":"pt-BR","potentialAction":[{"@type":"ReadAction","target":["https:\/\/humboldt.com.br\/acontece\/da-sala-de-aula-para-o-mundo\/"]}]},{"@type":"ImageObject","inLanguage":"pt-BR","@id":"https:\/\/humboldt.com.br\/acontece\/da-sala-de-aula-para-o-mundo\/#primaryimage","url":"https:\/\/humboldt.com.br\/acontece\/wp-content\/uploads\/2026\/01\/Alemanha_8.jpg","contentUrl":"https:\/\/humboldt.com.br\/acontece\/wp-content\/uploads\/2026\/01\/Alemanha_8.jpg","width":800,"height":600},{"@type":"BreadcrumbList","@id":"https:\/\/humboldt.com.br\/acontece\/da-sala-de-aula-para-o-mundo\/#breadcrumb","itemListElement":[{"@type":"ListItem","position":1,"name":"Blog","item":"https:\/\/humboldt.com.br\/acontece\/"},{"@type":"ListItem","position":2,"name":"Acontece","item":"https:\/\/humboldt.com.br\/acontece\/category\/acontece\/"},{"@type":"ListItem","position":3,"name":"Da sala de aula para o mundo"}]},{"@type":"WebSite","@id":"https:\/\/humboldt.com.br\/acontece\/#website","url":"https:\/\/humboldt.com.br\/acontece\/","name":"Humboldt - Blog","description":"","publisher":{"@id":"https:\/\/humboldt.com.br\/acontece\/#organization"},"potentialAction":[{"@type":"SearchAction","target":{"@type":"EntryPoint","urlTemplate":"https:\/\/humboldt.com.br\/acontece\/?s={search_term_string}"},"query-input":"required name=search_term_string"}],"inLanguage":"pt-BR"},{"@type":"Organization","@id":"https:\/\/humboldt.com.br\/acontece\/#organization","name":"Humboldt - Blog","url":"https:\/\/humboldt.com.br\/acontece\/","logo":{"@type":"ImageObject","inLanguage":"pt-BR","@id":"https:\/\/humboldt.com.br\/acontece\/#\/schema\/logo\/image\/","url":"https:\/\/humboldt.com.br\/acontece\/wp-content\/uploads\/2026\/04\/loo-110-anos.png","contentUrl":"https:\/\/humboldt.com.br\/acontece\/wp-content\/uploads\/2026\/04\/loo-110-anos.png","width":2038,"height":466,"caption":"Humboldt - Blog"},"image":{"@id":"https:\/\/humboldt.com.br\/acontece\/#\/schema\/logo\/image\/"}},{"@type":"Person","@id":"https:\/\/humboldt.com.br\/acontece\/#\/schema\/person\/7b4b17979514b1ac2d39f5a60216b72f","name":"Marketing Humboldt","image":{"@type":"ImageObject","inLanguage":"pt-BR","@id":"https:\/\/humboldt.com.br\/acontece\/#\/schema\/person\/image\/","url":"https:\/\/secure.gravatar.com\/avatar\/01e975eb4b1615fc97a8be5961bd605331d435898f24f6955aae09a95aabd340?s=96&d=mm&r=g","contentUrl":"https:\/\/secure.gravatar.com\/avatar\/01e975eb4b1615fc97a8be5961bd605331d435898f24f6955aae09a95aabd340?s=96&d=mm&r=g","caption":"Marketing Humboldt"},"sameAs":["https:\/\/humboldt.com.br\/"]}]}},"_links":{"self":[{"href":"https:\/\/humboldt.com.br\/acontece\/wp-json\/wp\/v2\/posts\/15567","targetHints":{"allow":["GET"]}}],"collection":[{"href":"https:\/\/humboldt.com.br\/acontece\/wp-json\/wp\/v2\/posts"}],"about":[{"href":"https:\/\/humboldt.com.br\/acontece\/wp-json\/wp\/v2\/types\/post"}],"author":[{"embeddable":true,"href":"https:\/\/humboldt.com.br\/acontece\/wp-json\/wp\/v2\/users\/3"}],"replies":[{"embeddable":true,"href":"https:\/\/humboldt.com.br\/acontece\/wp-json\/wp\/v2\/comments?post=15567"}],"version-history":[{"count":2,"href":"https:\/\/humboldt.com.br\/acontece\/wp-json\/wp\/v2\/posts\/15567\/revisions"}],"predecessor-version":[{"id":15798,"href":"https:\/\/humboldt.com.br\/acontece\/wp-json\/wp\/v2\/posts\/15567\/revisions\/15798"}],"wp:featuredmedia":[{"embeddable":true,"href":"https:\/\/humboldt.com.br\/acontece\/wp-json\/wp\/v2\/media\/15573"}],"wp:attachment":[{"href":"https:\/\/humboldt.com.br\/acontece\/wp-json\/wp\/v2\/media?parent=15567"}],"wp:term":[{"taxonomy":"category","embeddable":true,"href":"https:\/\/humboldt.com.br\/acontece\/wp-json\/wp\/v2\/categories?post=15567"},{"taxonomy":"post_tag","embeddable":true,"href":"https:\/\/humboldt.com.br\/acontece\/wp-json\/wp\/v2\/tags?post=15567"}],"curies":[{"name":"wp","href":"https:\/\/api.w.org\/{rel}","templated":true}]}}